{"id":1011,"date":"2023-06-16T16:30:46","date_gmt":"2023-06-16T16:30:46","guid":{"rendered":"https:\/\/azegkatonai.hu\/?p=1011"},"modified":"2023-09-11T11:28:45","modified_gmt":"2023-09-11T11:28:45","slug":"emlekhely-a-balatonnal","status":"publish","type":"post","link":"https:\/\/azegkatonai.hu\/index.php\/2023\/06\/16\/emlekhely-a-balatonnal\/","title":{"rendered":"Eml\u00e9khely a Balatonn\u00e1l"},"content":{"rendered":"\n<p><strong>A hetvenes \u00e9vekben a Magyar N\u00e9phadsereg h\u00e1rom helikoptere zuhant a Balaton keleti medenc\u00e9j\u00e9nek hull\u00e1maiba, mag\u00e1val r\u00e1ntva t\u00edz \u00e9letet. A h\u00e1rom katasztr\u00f3f\u00e1ra \u00e9s az elhunyt katon\u00e1kra augusztus 5-\u00e9n eml\u00e9km\u0171 avat\u00e1ssal \u00e9s koszor\u00faz\u00e1ssal eml\u00e9kezt\u00fcnk Balatonalm\u00e1diban.<\/strong><\/p>\n\n\n\n<figure class=\"wp-block-image size-full\"><img decoding=\"async\" loading=\"lazy\" width=\"522\" height=\"685\" src=\"https:\/\/azegkatonai.hu\/wp-content\/uploads\/2023\/06\/image-12.png\" alt=\"\" class=\"wp-image-1014\" srcset=\"https:\/\/azegkatonai.hu\/wp-content\/uploads\/2023\/06\/image-12.png 522w, https:\/\/azegkatonai.hu\/wp-content\/uploads\/2023\/06\/image-12-229x300.png 229w, https:\/\/azegkatonai.hu\/wp-content\/uploads\/2023\/06\/image-12-230x302.png 230w, https:\/\/azegkatonai.hu\/wp-content\/uploads\/2023\/06\/image-12-350x459.png 350w, https:\/\/azegkatonai.hu\/wp-content\/uploads\/2023\/06\/image-12-480x630.png 480w\" sizes=\"(max-width: 522px) 100vw, 522px\" \/><\/figure>\n\n\n\n<p>Az \u00c9g Katon\u00e1i Hagyom\u00e1ny\u0151rz\u0151 Egyes\u00fclet az \u00e9v elej\u00e9n kezdte a felk\u00e9sz\u00fcl\u00e9st az eml\u00e9km\u0171 megval\u00f3s\u00edt\u00e1s\u00e1ra, ami egyben az egyes\u00fclet els\u0151 helikopteres eml\u00e9km\u0171ve, hiszen az eddigi eml\u00e9kt\u00e1bla elhelyez\u00e9sekkel, eml\u00e9khelyek kialak\u00edt\u00e1s\u00e1val \u00e9s vad\u00e1szg\u00e9pek fel\u00faj\u00edt\u00e1s\u00e1val \u00e9s ki\u00e1ll\u00edt\u00e1s\u00e1val vad\u00e1szpil\u00f3t\u00e1kr\u00f3l eml\u00e9keztek meg.<\/p>\n\n\n\n<p>Az eml\u00e9km\u0171 tervez\u00e9s\u00e9nek jelent\u0151s r\u00e9sz\u00e9t Czenczik Istv\u00e1n nyug\u00e1llom\u00e1ny\u00fa \u0151rnagy az egyes\u00fclet titk\u00e1ra v\u00e9gezte, Simon R\u00f3bert seg\u00edts\u00e9g\u00e9vel. <br>A nyolc hivat\u00e1sos tiszt \u00e9s tiszthelyettes \u00e9s a k\u00e9t sorkatona neve egy-egy Mi-8-as farokl\u00e9gcsavar lap\u00e1tra \u00e9s egy Kamov forg\u00f3sz\u00e1rnylap\u00e1t darabra ker\u00fclt. <br>A Balaton viz\u00e9be zuhant helikoptereket \u00e1br\u00e1zol\u00f3 m\u0171v\u00e9szi farag\u00e1s K\u00f3bor Gy\u00f6rgy munk\u00e1ja, aki egykor forg\u00f3sz\u00e1rnyasok mellett t\u00f6lt\u00f6tte sorkatonai szolg\u00e1lat\u00e1t. <br>A keceli Pint\u00e9r M\u0171vekn\u00e9l k\u00e9sz\u00fclt az eml\u00e9km\u0171vet megkoron\u00e1z\u00f3 felirat: Az \u00e9g a b\u00e1trakat szereti.<\/p>\n\n\n\n<figure class=\"wp-block-image size-full\"><img decoding=\"async\" loading=\"lazy\" width=\"555\" height=\"183\" src=\"https:\/\/azegkatonai.hu\/wp-content\/uploads\/2023\/06\/image-13.png\" alt=\"\" class=\"wp-image-1015\" srcset=\"https:\/\/azegkatonai.hu\/wp-content\/uploads\/2023\/06\/image-13.png 555w, https:\/\/azegkatonai.hu\/wp-content\/uploads\/2023\/06\/image-13-300x99.png 300w, https:\/\/azegkatonai.hu\/wp-content\/uploads\/2023\/06\/image-13-230x76.png 230w, https:\/\/azegkatonai.hu\/wp-content\/uploads\/2023\/06\/image-13-350x115.png 350w, https:\/\/azegkatonai.hu\/wp-content\/uploads\/2023\/06\/image-13-480x158.png 480w\" sizes=\"(max-width: 555px) 100vw, 555px\" \/><\/figure>\n\n\n\n<p>Az elhunytak hozz\u00e1tartoz\u00f3i felavatt\u00e1k az eml\u00e9km\u0171vet katonai tiszteletad\u00e1s mellett. <br>Koszor\u00faz\u00e1sra ker\u00fclt sor, v\u00e9gezet\u00fcl Szab\u00f3 Gy\u00f6rgy alezredes, t\u00e1bori lelk\u00e9sz \u00e1ldotta meg az eml\u00e9khelyet. <br>A Magyar Honv\u00e9ds\u00e9g egy Mi-17-es sz\u00e1ll\u00edt\u00f3helikopter \u00e1th\u00faz\u00e1s\u00e1val tisztelgett a felavatott eml\u00e9km\u0171 felett.<\/p>\n\n\n\n<figure class=\"wp-block-image size-full\"><img decoding=\"async\" loading=\"lazy\" width=\"555\" height=\"457\" src=\"https:\/\/azegkatonai.hu\/wp-content\/uploads\/2023\/06\/image-14.png\" alt=\"\" class=\"wp-image-1016\" srcset=\"https:\/\/azegkatonai.hu\/wp-content\/uploads\/2023\/06\/image-14.png 555w, https:\/\/azegkatonai.hu\/wp-content\/uploads\/2023\/06\/image-14-300x247.png 300w, https:\/\/azegkatonai.hu\/wp-content\/uploads\/2023\/06\/image-14-230x189.png 230w, https:\/\/azegkatonai.hu\/wp-content\/uploads\/2023\/06\/image-14-350x288.png 350w, https:\/\/azegkatonai.hu\/wp-content\/uploads\/2023\/06\/image-14-480x395.png 480w\" sizes=\"(max-width: 555px) 100vw, 555px\" \/><\/figure>\n","protected":false},"excerpt":{"rendered":"<p>A hetvenes \u00e9vekben a Magyar N\u00e9phadsereg h\u00e1rom helikoptere zuhant a Balaton keleti medenc\u00e9j\u00e9nek hull\u00e1maiba, mag\u00e1val r\u00e1ntva t\u00edz \u00e9letet. A h\u00e1rom katasztr\u00f3f\u00e1ra \u00e9s [&hellip;]<\/p>\n","protected":false},"author":2,"featured_media":1016,"comment_status":"closed","ping_status":"closed","sticky":false,"template":"","format":"standard","meta":[],"categories":[24],"tags":[],"_links":{"self":[{"href":"https:\/\/azegkatonai.hu\/index.php\/wp-json\/wp\/v2\/posts\/1011"}],"collection":[{"href":"https:\/\/azegkatonai.hu\/index.php\/wp-json\/wp\/v2\/posts"}],"about":[{"href":"https:\/\/azegkatonai.hu\/index.php\/wp-json\/wp\/v2\/types\/post"}],"author":[{"embeddable":true,"href":"https:\/\/azegkatonai.hu\/index.php\/wp-json\/wp\/v2\/users\/2"}],"replies":[{"embeddable":true,"href":"https:\/\/azegkatonai.hu\/index.php\/wp-json\/wp\/v2\/comments?post=1011"}],"version-history":[{"count":4,"href":"https:\/\/azegkatonai.hu\/index.php\/wp-json\/wp\/v2\/posts\/1011\/revisions"}],"predecessor-version":[{"id":1103,"href":"https:\/\/azegkatonai.hu\/index.php\/wp-json\/wp\/v2\/posts\/1011\/revisions\/1103"}],"wp:featuredmedia":[{"embeddable":true,"href":"https:\/\/azegkatonai.hu\/index.php\/wp-json\/wp\/v2\/media\/1016"}],"wp:attachment":[{"href":"https:\/\/azegkatonai.hu\/index.php\/wp-json\/wp\/v2\/media?parent=1011"}],"wp:term":[{"taxonomy":"category","embeddable":true,"href":"https:\/\/azegkatonai.hu\/index.php\/wp-json\/wp\/v2\/categories?post=1011"},{"taxonomy":"post_tag","embeddable":true,"href":"https:\/\/azegkatonai.hu\/index.php\/wp-json\/wp\/v2\/tags?post=1011"}],"curies":[{"name":"wp","href":"https:\/\/api.w.org\/{rel}","templated":true}]}}